{"id":6492,"date":"2021-05-30T10:56:07","date_gmt":"2021-05-30T08:56:07","guid":{"rendered":"https:\/\/andreasrichter.berlin\/chamber-orchestra-of-europe-2\/"},"modified":"2026-04-27T16:37:40","modified_gmt":"2026-04-27T14:37:40","slug":"chamber-orchestra-of-europe","status":"publish","type":"post","link":"https:\/\/andreasrichter.berlin\/en\/chamber-orchestra-of-europe\/","title":{"rendered":"Chamber Orchestra of Europe"},"content":{"rendered":"\n<p>The COE was founded in 1981 by a group of musicians graduating from the European Union Youth Orchestra. It was their ambition to continue working together at the highest professional level, and of that original group, thirteen remain in the current core membership of around sixty. The members of the COE, selected by the Orchestra itself, pursue parallel careers as international soloists, Leaders and Principals of nationally-based orchestras, as members of eminent chamber groups, and as professors of music. Performances are given regularly in the major cities of Europe and occasionally in the USA and Asia. The COE has strong links with many of the major festivals and concert halls in Europe including the Festspielhaus Baden-Baden, the Kammermusiksaal der Philharmonie in Berlin, the Cologne, Luxembourg and Paris Philharmonies, the Concertgebouw in Amsterdam and the Alte Oper in Frankfurt. In partnership with the Kronberg Academy, the COE has been the first-ever Orchestra-in-residence at the Casals Forum in Kronberg since 2022. The COE has also been Orchestra-in-residence at the Esterh\u00e1zy Palace in Eisenstadt since 2022.<\/p>\n\n\n\n<p>Currently the Orchestra works closely with Yannick N\u00e9zet-S\u00e9guin, Sir Simon Rattle and Sir Andr\u00e1s Schiff, who are Honorary Members (following in the footsteps of Bernard Haitink and Nikolaus Harnoncourt), and also Sir Antonio Pappano and Robin Ticciati. The COE works with all the major recording companies and, in just over forty years years, has recorded more than 250 works and won numerous international awards, including three Gramophone Record of the Year awards and two Grammys. The Orchestra\u2019s latest recording was a Brahms Symphony Cycle with Yannick N\u00e9zet-S\u00e9guin, recorded at the Baden-Baden Festspielhaus and released by Deutsche Grammophon in July 2024.<\/p>\n\n\n\n<p>The COE created its Academy in 2009 and each year awards scholarships to talented postgraduate students and young professionals to study with the COE\u2019s principal players when the Orchestra is \u2018on tour\u2019. The Orchestra receives invaluable financial support from The Gatsby Charitable Foundation and a further number of Friends including Dasha Shenkman, Sir Siegmund Warburg\u2019s Voluntary Settlement, the Rupert Hughes Will Trust, the Underwood Trust, the 35th Anniversary Friends and American Friends.<\/p>\n\n\n\n<ul class=\"wp-block-social-links has-icon-color is-style-logos-only is-horizontal is-content-justification-center is-layout-flex wp-container-core-social-links-is-layout-499968f5 wp-block-social-links-is-layout-flex\"><li style=\"color:#ffffff;\" class=\"wp-social-link wp-social-link-chain has-white-color wp-block-social-link\"><a rel=\"noopener nofollow\" target=\"_blank\" href=\"https:\/\/www.coeurope.org\/\" class=\"wp-block-social-link-anchor\"><svg width=\"24\" height=\"24\" viewBox=\"0 0 24 24\" version=\"1.1\" xmlns=\"http:\/\/www.w3.org\/2000\/svg\" aria-hidden=\"true\" focusable=\"false\"><path d=\"M15.6,7.2H14v1.5h1.6c2,0,3.7,1.7,3.7,3.7s-1.7,3.7-3.7,3.7H14v1.5h1.6c2.8,0,5.2-2.3,5.2-5.2,0-2.9-2.3-5.2-5.2-5.2zM4.7,12.4c0-2,1.7-3.7,3.7-3.7H10V7.2H8.4c-2.9,0-5.2,2.3-5.2,5.2,0,2.9,2.3,5.2,5.2,5.2H10v-1.5H8.4c-2,0-3.7-1.7-3.7-3.7zm4.6.9h5.3v-1.5H9.3v1.5z\"><\/path><\/svg><span class=\"wp-block-social-link-label screen-reader-text\">Link<\/span><\/a><\/li>\n\n<li style=\"color:#ffffff;\" class=\"wp-social-link wp-social-link-facebook has-white-color wp-block-social-link\"><a rel=\"noopener nofollow\" target=\"_blank\" href=\"https:\/\/www.facebook.com\/ChamberOrchestraofEurope\/\" class=\"wp-block-social-link-anchor\"><svg width=\"24\" height=\"24\" viewBox=\"0 0 24 24\" version=\"1.1\" xmlns=\"http:\/\/www.w3.org\/2000\/svg\" aria-hidden=\"true\" focusable=\"false\"><path d=\"M12 2C6.5 2 2 6.5 2 12c0 5 3.7 9.1 8.4 9.9v-7H7.9V12h2.5V9.8c0-2.5 1.5-3.9 3.8-3.9 1.1 0 2.2.2 2.2.2v2.5h-1.3c-1.2 0-1.6.8-1.6 1.6V12h2.8l-.4 2.9h-2.3v7C18.3 21.1 22 17 22 12c0-5.5-4.5-10-10-10z\"><\/path><\/svg><span class=\"wp-block-social-link-label screen-reader-text\">Facebook<\/span><\/a><\/li>\n\n<li style=\"color:#ffffff;\" class=\"wp-social-link wp-social-link-instagram has-white-color wp-block-social-link\"><a rel=\"noopener nofollow\" target=\"_blank\" href=\"https:\/\/www.instagram.com\/chamber_orchestra_europe\/\" class=\"wp-block-social-link-anchor\"><svg width=\"24\" height=\"24\" viewBox=\"0 0 24 24\" version=\"1.1\" xmlns=\"http:\/\/www.w3.org\/2000\/svg\" aria-hidden=\"true\" focusable=\"false\"><path d=\"M12,4.622c2.403,0,2.688,0.009,3.637,0.052c0.877,0.04,1.354,0.187,1.671,0.31c0.42,0.163,0.72,0.358,1.035,0.673 c0.315,0.315,0.51,0.615,0.673,1.035c0.123,0.317,0.27,0.794,0.31,1.671c0.043,0.949,0.052,1.234,0.052,3.637 s-0.009,2.688-0.052,3.637c-0.04,0.877-0.187,1.354-0.31,1.671c-0.163,0.42-0.358,0.72-0.673,1.035 c-0.315,0.315-0.615,0.51-1.035,0.673c-0.317,0.123-0.794,0.27-1.671,0.31c-0.949,0.043-1.233,0.052-3.637,0.052 s-2.688-0.009-3.637-0.052c-0.877-0.04-1.354-0.187-1.671-0.31c-0.42-0.163-0.72-0.358-1.035-0.673 c-0.315-0.315-0.51-0.615-0.673-1.035c-0.123-0.317-0.27-0.794-0.31-1.671C4.631,14.688,4.622,14.403,4.622,12 s0.009-2.688,0.052-3.637c0.04-0.877,0.187-1.354,0.31-1.671c0.163-0.42,0.358-0.72,0.673-1.035 c0.315-0.315,0.615-0.51,1.035-0.673c0.317-0.123,0.794-0.27,1.671-0.31C9.312,4.631,9.597,4.622,12,4.622 M12,3 C9.556,3,9.249,3.01,8.289,3.054C7.331,3.098,6.677,3.25,6.105,3.472C5.513,3.702,5.011,4.01,4.511,4.511 c-0.5,0.5-0.808,1.002-1.038,1.594C3.25,6.677,3.098,7.331,3.054,8.289C3.01,9.249,3,9.556,3,12c0,2.444,0.01,2.751,0.054,3.711 c0.044,0.958,0.196,1.612,0.418,2.185c0.23,0.592,0.538,1.094,1.038,1.594c0.5,0.5,1.002,0.808,1.594,1.038 c0.572,0.222,1.227,0.375,2.185,0.418C9.249,20.99,9.556,21,12,21s2.751-0.01,3.711-0.054c0.958-0.044,1.612-0.196,2.185-0.418 c0.592-0.23,1.094-0.538,1.594-1.038c0.5-0.5,0.808-1.002,1.038-1.594c0.222-0.572,0.375-1.227,0.418-2.185 C20.99,14.751,21,14.444,21,12s-0.01-2.751-0.054-3.711c-0.044-0.958-0.196-1.612-0.418-2.185c-0.23-0.592-0.538-1.094-1.038-1.594 c-0.5-0.5-1.002-0.808-1.594-1.038c-0.572-0.222-1.227-0.375-2.185-0.418C14.751,3.01,14.444,3,12,3L12,3z M12,7.378 c-2.552,0-4.622,2.069-4.622,4.622S9.448,16.622,12,16.622s4.622-2.069,4.622-4.622S14.552,7.378,12,7.378z M12,15 c-1.657,0-3-1.343-3-3s1.343-3,3-3s3,1.343,3,3S13.657,15,12,15z M16.804,6.116c-0.596,0-1.08,0.484-1.08,1.08 s0.484,1.08,1.08,1.08c0.596,0,1.08-0.484,1.08-1.08S17.401,6.116,16.804,6.116z\"><\/path><\/svg><span class=\"wp-block-social-link-label screen-reader-text\">Instagram<\/span><\/a><\/li>\n\n<li style=\"color:#ffffff;\" class=\"wp-social-link wp-social-link-twitter has-white-color wp-block-social-link\"><a rel=\"noopener nofollow\" target=\"_blank\" href=\"https:\/\/twitter.com\/ChambOrchEurope\" class=\"wp-block-social-link-anchor\"><svg width=\"24\" height=\"24\" viewBox=\"0 0 24 24\" version=\"1.1\" xmlns=\"http:\/\/www.w3.org\/2000\/svg\" aria-hidden=\"true\" focusable=\"false\"><path d=\"M22.23,5.924c-0.736,0.326-1.527,0.547-2.357,0.646c0.847-0.508,1.498-1.312,1.804-2.27 c-0.793,0.47-1.671,0.812-2.606,0.996C18.324,4.498,17.257,4,16.077,4c-2.266,0-4.103,1.837-4.103,4.103 c0,0.322,0.036,0.635,0.106,0.935C8.67,8.867,5.647,7.234,3.623,4.751C3.27,5.357,3.067,6.062,3.067,6.814 c0,1.424,0.724,2.679,1.825,3.415c-0.673-0.021-1.305-0.206-1.859-0.513c0,0.017,0,0.034,0,0.052c0,1.988,1.414,3.647,3.292,4.023 c-0.344,0.094-0.707,0.144-1.081,0.144c-0.264,0-0.521-0.026-0.772-0.074c0.522,1.63,2.038,2.816,3.833,2.85 c-1.404,1.1-3.174,1.756-5.096,1.756c-0.331,0-0.658-0.019-0.979-0.057c1.816,1.164,3.973,1.843,6.29,1.843 c7.547,0,11.675-6.252,11.675-11.675c0-0.178-0.004-0.355-0.012-0.531C20.985,7.47,21.68,6.747,22.23,5.924z\"><\/path><\/svg><span class=\"wp-block-social-link-label screen-reader-text\">Twitter<\/span><\/a><\/li>\n\n<li style=\"color:#ffffff;\" class=\"wp-social-link wp-social-link-spotify has-white-color wp-block-social-link\"><a rel=\"noopener nofollow\" target=\"_blank\" href=\"https:\/\/open.spotify.com\/artist\/1VfDXOsmvKAtebAZ9KxQhC\" class=\"wp-block-social-link-anchor\"><svg width=\"24\" height=\"24\" viewBox=\"0 0 24 24\" version=\"1.1\" xmlns=\"http:\/\/www.w3.org\/2000\/svg\" aria-hidden=\"true\" focusable=\"false\"><path d=\"M12,2C6.477,2,2,6.477,2,12c0,5.523,4.477,10,10,10c5.523,0,10-4.477,10-10C22,6.477,17.523,2,12,2 M16.586,16.424 c-0.18,0.295-0.563,0.387-0.857,0.207c-2.348-1.435-5.304-1.76-8.785-0.964c-0.335,0.077-0.67-0.133-0.746-0.469 c-0.077-0.335,0.132-0.67,0.469-0.746c3.809-0.871,7.077-0.496,9.713,1.115C16.673,15.746,16.766,16.13,16.586,16.424 M17.81,13.7 c-0.226,0.367-0.706,0.482-1.072,0.257c-2.687-1.652-6.785-2.131-9.965-1.166C6.36,12.917,5.925,12.684,5.8,12.273 C5.675,11.86,5.908,11.425,6.32,11.3c3.632-1.102,8.147-0.568,11.234,1.328C17.92,12.854,18.035,13.335,17.81,13.7 M17.915,10.865 c-3.223-1.914-8.54-2.09-11.618-1.156C5.804,9.859,5.281,9.58,5.131,9.086C4.982,8.591,5.26,8.069,5.755,7.919 c3.532-1.072,9.404-0.865,13.115,1.338c0.445,0.264,0.59,0.838,0.327,1.282C18.933,10.983,18.359,11.129,17.915,10.865\"><\/path><\/svg><span class=\"wp-block-social-link-label screen-reader-text\">Spotify<\/span><\/a><\/li>\n\n<li style=\"color:#ffffff;\" class=\"wp-social-link wp-social-link-youtube has-white-color wp-block-social-link\"><a rel=\"noopener nofollow\" target=\"_blank\" href=\"https:\/\/www.youtube.com\/c\/ChamberOrchestraofEurope\" class=\"wp-block-social-link-anchor\"><svg width=\"24\" height=\"24\" viewBox=\"0 0 24 24\" version=\"1.1\" xmlns=\"http:\/\/www.w3.org\/2000\/svg\" aria-hidden=\"true\" focusable=\"false\"><path d=\"M21.8,8.001c0,0-0.195-1.378-0.795-1.985c-0.76-0.797-1.613-0.801-2.004-0.847c-2.799-0.202-6.997-0.202-6.997-0.202 h-0.009c0,0-4.198,0-6.997,0.202C4.608,5.216,3.756,5.22,2.995,6.016C2.395,6.623,2.2,8.001,2.2,8.001S2,9.62,2,11.238v1.517 c0,1.618,0.2,3.237,0.2,3.237s0.195,1.378,0.795,1.985c0.761,0.797,1.76,0.771,2.205,0.855c1.6,0.153,6.8,0.201,6.8,0.201 s4.203-0.006,7.001-0.209c0.391-0.047,1.243-0.051,2.004-0.847c0.6-0.607,0.795-1.985,0.795-1.985s0.2-1.618,0.2-3.237v-1.517 C22,9.62,21.8,8.001,21.8,8.001z M9.935,14.594l-0.001-5.62l5.404,2.82L9.935,14.594z\"><\/path><\/svg><span class=\"wp-block-social-link-label screen-reader-text\">YouTube<\/span><\/a><\/li><\/ul>\n\n\n\n<h2 class=\"wp-block-heading has-text-align-center anchor\" id=\"video\">VIDEO<\/h2>\n\n\n\n<div class=\"wp-block-group holder_videos has-background\" style=\"background-color:#8798a4\"><div class=\"wp-block-group__inner-container is-layout-flow wp-block-group-is-layout-flow\">\n<div class=\"video_container\">\n<div class=\"video_wrap\">\n<iframe loading=\"lazy\" src=\"https:\/\/player.vimeo.com\/video\/244064359?h=96c782c2ba&amp;title=0&amp;byline=0&amp;portrait=0\" allow=\"autoplay; fullscreen; picture-in-picture\" allowfullscreen=\"\" width=\"640\" height=\"360\" frameborder=\"0\"><\/iframe>\n<\/div>\n<\/div>\n\n\n\n<div class=\"video_container\">\n<div class=\"video_wrap\">\n<iframe loading=\"lazy\" src=\"https:\/\/player.vimeo.com\/video\/352446087?h=588d90bf0e&amp;title=0&amp;byline=0&amp;portrait=0\" allow=\"autoplay; fullscreen; picture-in-picture\" allowfullscreen=\"\" width=\"640\" height=\"360\" frameborder=\"0\"><\/iframe>\n<\/div>\n<\/div>\n<\/div><\/div>\n\n\n\n<h2 class=\"wp-block-heading has-text-align-center anchor\" id=\"presse\">PRESS REVIEWS<\/h2>\n\n\n\n<div class=\"wp-block-group pressestimmen has-background\" style=\"background-color:#8798a4\"><div class=\"wp-block-group__inner-container is-layout-flow wp-block-group-is-layout-flow\">\n<p class=\"has-text-align-center intro\">\u201eAnd in the end, the joy inspired by this music is also reflected in the long applause that brings this beautiful concert to a close.\u201c\u00a0<\/p>\n\n\n\n<p class=\"has-text-align-center quelle\">Tagesspiegel Berlin, 32 April 2026<\/p>\n\n\n\n<p class=\"has-text-align-center intro\">\u201eThere was a standing ovation at the end &#8211; and rightly so.\u201c&nbsp;<\/p>\n\n\n\n<p class=\"has-text-align-center quelle\">Hamburger Abendblatt, 30 May 2024<\/p>\n\n\n\n<p class=\"has-text-align-center intro\">\u201eThe virtuosic joy of playing and depth of feeling came together so naturally here together in a way that only the greats can achieve.&#8221;<\/p>\n\n\n\n<p class=\"has-text-align-center quelle\">S\u00e4chsische Zeitung, 30 May 2023<\/p>\n<\/div><\/div>\n\n\n\n<h2 class=\"wp-block-heading has-text-align-center anchor\" id=\"projekte\">SELECTION OF PROJECTS 2027\/28<\/h2>\n\n\n\n<p><\/p>\n\n\n\n<div class=\"wp-block-group rahmen rahmen_culture has-background\" style=\"background-color:#8798a4\"><div class=\"wp-block-group__inner-container is-layout-flow wp-block-group-is-layout-flow\">\n<p class=\"intro\">7 \u2013 16 November 2027<br><strong>Sir Antonio Papano, conductor \/ soloist tbc.<\/strong><\/p>\n\n\n\n<p class=\"quelle\">One of the Chamber Orchestra of Europe\u2019s most important partners is <strong>Sir Antonio Pappano<\/strong>, who has been an honorary member of the orchestra since November 2025. The collaboration, which began in 2016, has taken the orchestra and conductor to around 30 European musical centres, including the Berlin, Essen and Cologne Philharmonie halls, the Megaron in Athens, and the Musikverein in Vienna.<br><br><strong>D. Shostakovich: Symphony no. 9 in E-flat major op. 70<br>B. Bart\u00f3k: Piano Concerto no. 3, Sz. 119<br>A. Dvorak: Symphony no. 9 in E minor op. 95 \u201eFrom the New World\u201c<\/strong><\/p>\n\n\n\n<figure class=\"wp-block-image size-full\"><img loading=\"lazy\" decoding=\"async\" width=\"1200\" height=\"800\" src=\"https:\/\/andreasrichter.berlin\/wp-content\/uploads\/2021\/05\/COE_Pappano_C_JuliaWesely.jpg\" alt=\"\" class=\"wp-image-15407\" srcset=\"https:\/\/andreasrichter.berlin\/wp-content\/uploads\/2021\/05\/COE_Pappano_C_JuliaWesely.jpg 1200w, https:\/\/andreasrichter.berlin\/wp-content\/uploads\/2021\/05\/COE_Pappano_C_JuliaWesely-768x512.jpg 768w\" sizes=\"auto, (max-width: 1200px) 100vw, 1200px\" \/><figcaption class=\"wp-element-caption\">COE &amp; Sir Antonio Pappano \u00a9 Julia Wesely<\/figcaption><\/figure>\n\n\n\n<div style=\"height:25px\" aria-hidden=\"true\" class=\"wp-block-spacer\"><\/div>\n<\/div><\/div>\n\n\n\n<div class=\"wp-block-group rahmen rahmen_culture_blue has-background\" style=\"background-color:#8798a4\"><div class=\"wp-block-group__inner-container is-layout-flow wp-block-group-is-layout-flow\">\n<div class=\"wp-block-group downloads_files\"><div class=\"wp-block-group__inner-container is-layout-flow wp-block-group-is-layout-flow\">\n<div class=\"wp-block-file\"><a id=\"wp-block-file--media-0e0e8115-a16f-4e54-85cd-8766c82b35cb\" href=\"https:\/\/andreasrichter.berlin\/wp-content\/uploads\/2026\/03\/COE_Projects_EN_2728.pdf\">&#8211;<\/a><a href=\"https:\/\/andreasrichter.berlin\/wp-content\/uploads\/2026\/03\/COE_Projects_EN_2728.pdf\" class=\"wp-block-file__button wp-element-button\" aria-describedby=\"wp-block-file--media-0e0e8115-a16f-4e54-85cd-8766c82b35cb\" download>Overview projects 2027\/28 (PDF)<\/a><\/div>\n<\/div><\/div>\n<\/div><\/div>\n\n\n\n<h2 class=\"wp-block-heading has-text-align-center anchor\" id=\"downloads\">DOWNLOADS<\/h2>\n\n\n\n<div class=\"wp-block-group rahmen rahmen_downloads has-pale-cyan-blue-background-color has-background\"><div class=\"wp-block-group__inner-container is-layout-flow wp-block-group-is-layout-flow\">\n<div class=\"wp-block-group downloads_picts has-background\" style=\"background-color:#8798a4\"><div class=\"wp-block-group__inner-container is-layout-flow wp-block-group-is-layout-flow\">\n<figure class=\"wp-block-image size-full downloads_picts\"><img loading=\"lazy\" decoding=\"async\" width=\"600\" height=\"400\" src=\"https:\/\/andreasrichter.berlin\/wp-content\/uploads\/2024\/05\/COE_2023\u00a9JuliaWesely-1831-FINAL_thumb-1.jpg\" alt=\"\" class=\"wp-image-11602\"\/><\/figure>\n\n\n\n<div class=\"wp-block-file\"><a id=\"wp-block-file--media-4627c918-2da5-4a46-a1fa-73b5783ed981\" href=\"https:\/\/andreasrichter.berlin\/wp-content\/uploads\/2023\/11\/COE_2023\u00a9JuliaWesely-1831-FINAL.jpg\">&#8211;<\/a><a href=\"https:\/\/andreasrichter.berlin\/wp-content\/uploads\/2023\/11\/COE_2023\u00a9JuliaWesely-1831-FINAL.jpg\" class=\"wp-block-file__button wp-element-button\" aria-describedby=\"wp-block-file--media-4627c918-2da5-4a46-a1fa-73b5783ed981\" download>COE press photo 1<\/a><\/div>\n<\/div><\/div>\n\n\n\n<div class=\"wp-block-group downloads_picts has-background\" style=\"background-color:#8798a4\"><div class=\"wp-block-group__inner-container is-layout-flow wp-block-group-is-layout-flow\">\n<figure class=\"wp-block-image size-full portrait\"><img loading=\"lazy\" decoding=\"async\" width=\"366\" height=\"548\" src=\"https:\/\/andreasrichter.berlin\/wp-content\/uploads\/2025\/05\/ChamberOrchestraOfEurope\u00a9JuliaWesely_highres-0641_Vorschau.jpg\" alt=\"\" class=\"wp-image-13555\"\/><\/figure>\n\n\n\n<div class=\"wp-block-file\"><a id=\"wp-block-file--media-12f94278-d96c-4671-9a9f-a4bd2efbe6a2\" href=\"https:\/\/andreasrichter.berlin\/wp-content\/uploads\/2025\/05\/ChamberOrchestraOfEurope\u00a9JuliaWesely_highres-0641.jpg\">&#8211;<\/a><a href=\"https:\/\/andreasrichter.berlin\/wp-content\/uploads\/2025\/05\/ChamberOrchestraOfEurope\u00a9JuliaWesely_highres-0641.jpg\" class=\"wp-block-file__button wp-element-button\" aria-describedby=\"wp-block-file--media-12f94278-d96c-4671-9a9f-a4bd2efbe6a2\" download>COE press photo 2<\/a><\/div>\n<\/div><\/div>\n\n\n\n<div class=\"wp-block-group downloads_files has-vivid-green-cyan-background-color has-background\"><div class=\"wp-block-group__inner-container is-layout-flow wp-block-group-is-layout-flow\">\n<div class=\"wp-block-file\"><a id=\"wp-block-file--media-6d0900d9-2c1a-467d-997e-d46c015290d7\" href=\"https:\/\/andreasrichter.berlin\/wp-content\/uploads\/2025\/11\/COE_Bio_EN_25.pdf\">&#8211;<\/a><a href=\"https:\/\/andreasrichter.berlin\/wp-content\/uploads\/2025\/11\/COE_Bio_EN_25.pdf\" class=\"wp-block-file__button wp-element-button\" aria-describedby=\"wp-block-file--media-6d0900d9-2c1a-467d-997e-d46c015290d7\" download>Biography (PDF)<\/a><\/div>\n\n\n\n<div class=\"wp-block-file\"><a id=\"wp-block-file--media-fb2af549-0625-4df8-9a17-d978e8cf4603\" href=\"https:\/\/andreasrichter.berlin\/wp-content\/uploads\/2026\/03\/COE_Projects_EN_2728.pdf\">&#8211;<\/a><a href=\"https:\/\/andreasrichter.berlin\/wp-content\/uploads\/2026\/03\/COE_Projects_EN_2728.pdf\" class=\"wp-block-file__button wp-element-button\" aria-describedby=\"wp-block-file--media-fb2af549-0625-4df8-9a17-d978e8cf4603\" download>Projects 2027\/28 (PDF)<\/a><\/div>\n<\/div><\/div>\n<\/div><\/div>\n\n\n\n<h2 class=\"wp-block-heading has-text-align-center anchor\" id=\"past\">PAST CONCERTS \u2013 A SELECTION<\/h2>\n\n\n\n<div class=\"wp-block-group rahmen rahmen_culture_blue has-background\" style=\"background-color:#8798a4\"><div class=\"wp-block-group__inner-container is-layout-flow wp-block-group-is-layout-flow\">\n<p class=\"intro\">10 September 2025, Herbstgold Festival, Schloss Esterh\u00e1zy, Eisenstadt \/ 17 September 2025, George Enescu International Festival<br><strong>MOZART &amp; DVO\u0158\u00c1K<\/strong><br>Chamber Orchestra of Europe \/ Sir Andr\u00e1s Schiff, piano &amp; musical leader<\/p>\n\n\n\n<p class=\"quelle\">Under the direction of its honorary member and long-standing partner Sir Andr\u00e1s Schiff, the COE opened the Herbstgold Festival 2025 at Schloss Esterh\u00e1zy, where the orchestra has held a residency for several years. It then continued on to Romania for the George Enescu Festival.<br><br><strong>Werke von W. A. Mozart &amp; A. Dvo\u0159\u00e1k<\/strong><\/p>\n\n\n\n\t\t<!-- MasterSlider -->\n\t\t<div id=\"P_MS69e61ec9edbcd\" class=\"master-slider-parent msl ms-parent-id-126\" style=\"max-width:1200px;\">\n\n\t\t\t\n\t\t\t<!-- MasterSlider Main -->\n\t\t\t<div id=\"MS69e61ec9edbcd\" class=\"master-slider ms-skin-default\" >\n\t\t\t\t \t\t\t\t \n\t\t\t\t<div  class=\"ms-slide\" data-delay=\"3\" data-fill-mode=\"fill\"  >\n\t\t\t\t\t<img decoding=\"async\" src=\"https:\/\/andreasrichter.berlin\/wp-content\/plugins\/master-slider\/public\/assets\/css\/blank.gif\" alt=\"\" title=\"\" data-src=\"https:\/\/andreasrichter.berlin\/wp-content\/uploads\/2026\/04\/COE_EnescuFestival_25_1_c_Catalina-Filip.jpg\" \/>\n\n\t\t\t\t\t<div class=\"ms-info ms-info-empty\">&nbsp;<\/div>\n\n\n\t<div class=\"ms-thumb\" ><div class=\"ms-tab-context\"><div class=\"&quot;ms-tab-context&quot;\"><\/div><\/div>\n<\/div>\n\t\t\t\t<\/div>\n\t\t\t\t<div  class=\"ms-slide\" data-delay=\"3\" data-fill-mode=\"fill\"  >\n\t\t\t\t\t<img decoding=\"async\" src=\"https:\/\/andreasrichter.berlin\/wp-content\/plugins\/master-slider\/public\/assets\/css\/blank.gif\" alt=\"\" title=\"\" data-src=\"https:\/\/andreasrichter.berlin\/wp-content\/uploads\/2026\/04\/COE_EnescuFestival_25_2_c_Catalina-Filip.jpg\" \/>\n\n\t\t\t\t\t<div class=\"ms-info ms-info-empty\">&nbsp;<\/div>\n\n\n\t<div class=\"ms-thumb\" ><div class=\"ms-tab-context\"><div class=\"&quot;ms-tab-context&quot;\"><\/div><\/div>\n<\/div>\n\t\t\t\t<\/div>\n\t\t\t\t<div  class=\"ms-slide\" data-delay=\"3\" data-fill-mode=\"fill\"  >\n\t\t\t\t\t<img decoding=\"async\" src=\"https:\/\/andreasrichter.berlin\/wp-content\/plugins\/master-slider\/public\/assets\/css\/blank.gif\" alt=\"\" title=\"\" data-src=\"https:\/\/andreasrichter.berlin\/wp-content\/uploads\/2026\/04\/COE_EnescuFestival_25_3_c_Catalina-Filip.jpg\" \/>\n\n\t\t\t\t\t<div class=\"ms-info ms-info-empty\">&nbsp;<\/div>\n\n\n\t<div class=\"ms-thumb\" ><div class=\"ms-tab-context\"><div class=\"&quot;ms-tab-context&quot;\"><\/div><\/div>\n<\/div>\n\t\t\t\t<\/div>\n\t\t\t\t<div  class=\"ms-slide\" data-delay=\"3\" data-fill-mode=\"fill\"  >\n\t\t\t\t\t<img decoding=\"async\" src=\"https:\/\/andreasrichter.berlin\/wp-content\/plugins\/master-slider\/public\/assets\/css\/blank.gif\" alt=\"\" title=\"\" data-src=\"https:\/\/andreasrichter.berlin\/wp-content\/uploads\/2026\/04\/COE_EnescuFestival_25_4_c_Catalina-Filip.jpg\" \/>\n\n\t\t\t\t\t<div class=\"ms-info ms-info-empty\">&nbsp;<\/div>\n\n\n\t<div class=\"ms-thumb\" ><div class=\"ms-tab-context\"><div class=\"&quot;ms-tab-context&quot;\"><\/div><\/div>\n<\/div>\n\t\t\t\t<\/div>\n\t\t\t\t<div  class=\"ms-slide\" data-delay=\"3\" data-fill-mode=\"fill\"  >\n\t\t\t\t\t<img decoding=\"async\" src=\"https:\/\/andreasrichter.berlin\/wp-content\/plugins\/master-slider\/public\/assets\/css\/blank.gif\" alt=\"\" title=\"\" data-src=\"https:\/\/andreasrichter.berlin\/wp-content\/uploads\/2026\/04\/COE_EnescuFestival_25_5_c_Catalina-Filip.jpg\" \/>\n\n\t\t\t\t\t<div class=\"ms-info\">COE beim George Enescu Festival \u00a9 Catalina Filip<\/div>\n\n\n\t<div class=\"ms-thumb\" ><div class=\"ms-tab-context\"><div class=\"&quot;ms-tab-context&quot;\"><\/div><\/div>\n<\/div>\n\t\t\t\t<\/div>\n\t\t\t\t<div  class=\"ms-slide\" data-delay=\"3\" data-fill-mode=\"fill\"  >\n\t\t\t\t\t<img decoding=\"async\" src=\"https:\/\/andreasrichter.berlin\/wp-content\/plugins\/master-slider\/public\/assets\/css\/blank.gif\" alt=\"\" title=\"\" data-src=\"https:\/\/andreasrichter.berlin\/wp-content\/uploads\/2026\/04\/COE_EnescuFestival_25_6_c_Catalina-Filip.jpg\" \/>\n\n\t\t\t\t\t<div class=\"ms-info\">COE beim George Enescu Festival \u00a9 Catalina Filip<\/div>\n\n\n\t<div class=\"ms-thumb\" ><div class=\"ms-tab-context\"><div class=\"&quot;ms-tab-context&quot;\"><\/div><\/div>\n<\/div>\n\t\t\t\t<\/div>\n\n\t\t\t<\/div>\n\t\t\t<!-- END MasterSlider Main -->\n\n\t\t\t \n\t\t<\/div>\n\t\t<!-- END MasterSlider -->\n\n\t\t<script>\n\t\t(function ( $ ) {\n\t\t\t\"use strict\";\n\n\t\t\t$(function () {\n\t\t\t\tvar masterslider_dbcd = new MasterSlider();\n\n\t\t\t\t\/\/ slider controls\n\t\t\t\tmasterslider_dbcd.control('arrows'     ,{ autohide:false, overVideo:true  });\n\t\t\t\tmasterslider_dbcd.control('slideinfo'  ,{ autohide:false, overVideo:true, dir:'h', align:'bottom',inset:false , margin:10   });\n\t\t\t\t\/\/ slider setup\n\t\t\t\tmasterslider_dbcd.setup(\"MS69e61ec9edbcd\", {\n\t\t\t\t\t\twidth           : 1200,\n\t\t\t\t\t\theight          : 800,\n\t\t\t\t\t\tminHeight       : 0,\n\t\t\t\t\t\tspace           : 0,\n\t\t\t\t\t\tstart           : 1,\n\t\t\t\t\t\tgrabCursor      : true,\n\t\t\t\t\t\tswipe           : true,\n\t\t\t\t\t\tmouse           : true,\n\t\t\t\t\t\tlayout          : \"boxed\",\n\t\t\t\t\t\twheel           : false,\n\t\t\t\t\t\tautoplay        : false,\n\t\t\t\t\t\tinstantStartLayers:false,\n\t\t\t\t\t\tloop            : false,\n\t\t\t\t\t\tshuffle         : false,\n\t\t\t\t\t\tpreload         : 0,\n\t\t\t\t\t\theightLimit     : true,\n\t\t\t\t\t\tautoHeight      : false,\n\t\t\t\t\t\tsmoothHeight    : true,\n\t\t\t\t\t\tendPause        : false,\n\t\t\t\t\t\toverPause       : true,\n\t\t\t\t\t\tfillMode        : \"fill\",\n\t\t\t\t\t\tcenterControls  : true,\n\t\t\t\t\t\tstartOnAppear   : false,\n\t\t\t\t\t\tlayersMode      : \"center\",\n\t\t\t\t\t\thideLayers      : false,\n\t\t\t\t\t\tfullscreenMargin: 0,\n\t\t\t\t\t\tspeed           : 20,\n\t\t\t\t\t\tdir             : \"h\",\n\t\t\t\t\t\tparallaxMode    : 'swipe',\n\t\t\t\t\t\tview            : \"basic\"\n\t\t\t\t});\n\n\t\t\t\t\n\t\t\t\twindow.masterslider_instances = window.masterslider_instances || [];\n\t\t\t\twindow.masterslider_instances.push( masterslider_dbcd );\n\t\t\t });\n\n\t\t})(jQuery);\n\t\t<\/script>\n\n\n<\/div><\/div>\n\n\n\n<div class=\"wp-block-group rahmen rahmen_culture_blue has-background\" style=\"background-color:#8798a4\"><div class=\"wp-block-group__inner-container is-layout-flow wp-block-group-is-layout-flow\">\n<p class=\"intro\">28 January 2025, Philharmonie Berlin \/ 29 January 2025, Elbphilharmonie Hamburg<br><strong>HAENDEL &amp; MOZART<\/strong><br>Chamber Orchestra of Europe \/ Iestyn Davies, countertenor \/ Robin Ticciati, conductor<\/p>\n\n\n\n<p class=\"quelle\">One of the COE\u2018s most important partners is Robin Ticciati, with whom the orchestra performed in Berlin and Hamburg in January 2025. Joining as soloist was Iestyn Davies, who is performing with the COE for the first time. The concert programme juxtaposed arias from operas and oratorios by George Frideric Handel with arias from Mozart\u2019s opera Mitridate, which he composed at the age of 14, and explores the transition between the late Baroque and Classical periods.<br><br><strong>Works by G. F. Haendel &amp; W. A. Mozart<\/strong><\/p>\n\n\n\n\t\t<!-- MasterSlider -->\n\t\t<div id=\"P_MS67ebee786e781\" class=\"master-slider-parent msl ms-parent-id-65\" style=\"max-width:1200px;\">\n\n\t\t\t\n\t\t\t<!-- MasterSlider Main -->\n\t\t\t<div id=\"MS67ebee786e781\" class=\"master-slider ms-skin-default\" >\n\t\t\t\t \t\t\t\t \n\t\t\t\t<div  class=\"ms-slide\" data-delay=\"3\" data-fill-mode=\"fill\"  >\n\t\t\t\t\t<img decoding=\"async\" src=\"https:\/\/andreasrichter.berlin\/wp-content\/plugins\/master-slider\/public\/assets\/css\/blank.gif\" alt=\"\" title=\"\" data-src=\"https:\/\/andreasrichter.berlin\/wp-content\/uploads\/2025\/04\/COE_Ticciati_1c_Lena-Laine_slider.jpg\" \/>\n\n\t\t\t\t\t<div class=\"ms-info ms-info-empty\">&nbsp;<\/div>\n\n\n\t<div class=\"ms-thumb\" ><div class=\"ms-tab-context\"><div class=&quot;ms-tab-context&quot;><\/div><\/div>\n<\/div>\n\t\t\t\t<\/div>\n\t\t\t\t<div  class=\"ms-slide\" data-delay=\"3\" data-fill-mode=\"fill\"  >\n\t\t\t\t\t<img decoding=\"async\" src=\"https:\/\/andreasrichter.berlin\/wp-content\/plugins\/master-slider\/public\/assets\/css\/blank.gif\" alt=\"\" title=\"\" data-src=\"https:\/\/andreasrichter.berlin\/wp-content\/uploads\/2025\/04\/COE_Ticciati2_c_Lena-Laine_slider.jpg\" \/>\n\n\t\t\t\t\t<div class=\"ms-info ms-info-empty\">&nbsp;<\/div>\n\n\n\t<div class=\"ms-thumb\" ><div class=\"ms-tab-context\"><div class=&quot;ms-tab-context&quot;><\/div><\/div>\n<\/div>\n\t\t\t\t<\/div>\n\t\t\t\t<div  class=\"ms-slide\" data-delay=\"3\" data-fill-mode=\"fill\"  >\n\t\t\t\t\t<img decoding=\"async\" src=\"https:\/\/andreasrichter.berlin\/wp-content\/plugins\/master-slider\/public\/assets\/css\/blank.gif\" alt=\"\" title=\"\" data-src=\"https:\/\/andreasrichter.berlin\/wp-content\/uploads\/2025\/04\/COE_Ticciati3_c_Lena-Laine_slider.jpg\" \/>\n\n\t\t\t\t\t<div class=\"ms-info ms-info-empty\">&nbsp;<\/div>\n\n\n\t<div class=\"ms-thumb\" ><div class=\"ms-tab-context\"><div class=&quot;ms-tab-context&quot;><\/div><\/div>\n<\/div>\n\t\t\t\t<\/div>\n\n\t\t\t<\/div>\n\t\t\t<!-- END MasterSlider Main -->\n\n\t\t\t \n\t\t<\/div>\n\t\t<!-- END MasterSlider -->\n\n\t\t<script>\n\t\t(function ( $ ) {\n\t\t\t\"use strict\";\n\n\t\t\t$(function () {\n\t\t\t\tvar masterslider_e781 = new MasterSlider();\n\n\t\t\t\t\/\/ slider controls\n\t\t\t\tmasterslider_e781.control('arrows'     ,{ autohide:false, overVideo:true  });\n\t\t\t\tmasterslider_e781.control('slideinfo'  ,{ autohide:false, overVideo:true, dir:'h', align:'bottom',inset:false , margin:10   });\n\t\t\t\t\/\/ slider setup\n\t\t\t\tmasterslider_e781.setup(\"MS67ebee786e781\", {\n\t\t\t\t\t\twidth           : 1200,\n\t\t\t\t\t\theight          : 800,\n\t\t\t\t\t\tminHeight       : 0,\n\t\t\t\t\t\tspace           : 0,\n\t\t\t\t\t\tstart           : 1,\n\t\t\t\t\t\tgrabCursor      : true,\n\t\t\t\t\t\tswipe           : true,\n\t\t\t\t\t\tmouse           : true,\n\t\t\t\t\t\tlayout          : \"boxed\",\n\t\t\t\t\t\twheel           : false,\n\t\t\t\t\t\tautoplay        : false,\n\t\t\t\t\t\tinstantStartLayers:false,\n\t\t\t\t\t\tloop            : false,\n\t\t\t\t\t\tshuffle         : false,\n\t\t\t\t\t\tpreload         : 0,\n\t\t\t\t\t\theightLimit     : true,\n\t\t\t\t\t\tautoHeight      : false,\n\t\t\t\t\t\tsmoothHeight    : true,\n\t\t\t\t\t\tendPause        : false,\n\t\t\t\t\t\toverPause       : true,\n\t\t\t\t\t\tfillMode        : \"fill\",\n\t\t\t\t\t\tcenterControls  : true,\n\t\t\t\t\t\tstartOnAppear   : false,\n\t\t\t\t\t\tlayersMode      : \"center\",\n\t\t\t\t\t\thideLayers      : false,\n\t\t\t\t\t\tfullscreenMargin: 0,\n\t\t\t\t\t\tspeed           : 20,\n\t\t\t\t\t\tdir             : \"h\",\n\t\t\t\t\t\tparallaxMode    : 'swipe',\n\t\t\t\t\t\tview            : \"basic\"\n\t\t\t\t});\n\n\t\t\t\t\n\t\t\t\twindow.masterslider_instances = window.masterslider_instances || [];\n\t\t\t\twindow.masterslider_instances.push( masterslider_e781 );\n\t\t\t });\n\n\t\t})(jQuery);\n\t\t<\/script>\n\n\n\n\n\n<p class=\"has-text-align-center intro\">\u201eOtherworldly Evening.\u201c<\/p>\n\n\n\n<p class=\"has-text-align-center quelle\">Hamburger Abendblatt, 30 January 2025<\/p>\n\n\n\n<p class=\"has-text-align-center intro\">\u201eIt was an emotional and eloquent Mozart rollercoaster, a memory to be cherished for a long time..\u201c<\/p>\n\n\n\n<p class=\"has-text-align-center quelle\">DrehPunktKultur, 3 February 2025<\/p>\n<\/div><\/div>\n\n\n\n<div class=\"wp-block-group rahmen rahmen_culture_blue has-background\" style=\"background-color:#8798a4\"><div class=\"wp-block-group__inner-container is-layout-flow wp-block-group-is-layout-flow\">\n<p class=\"intro\">22 June 2024 Schloss Esterh\u00e1zy &#8211; 24 June 2024 Lugano LAC &#8211; 26 June 2024 La Grange au Lac, Evian &#8211; 28 June 2024 Ravenna Festival &#8211; 30 June 2024 Epidaurus Festival, Athen<br><strong>ROMANTIK<\/strong><br>Chamber Orchestra of Europe \/ Magdalena Ko\u017een\u00e1, mezzo-soprano \/ Sir Simon Rattle, conductor<\/p>\n\n\n\n<p class=\"quelle\"><strong>A. Dvo\u0159\u00e1k: Scherzo Capriccioso<br>G. Mahler: R\u00fcckert Lieder<br>B. Bart\u00f3k: Five Hungarian Folk Songs<br>F. Schubert: Symphony no. 9 in C major &#8220;The Great&#8221;<\/strong><\/p>\n\n\n\n\t\t<!-- MasterSlider -->\n\t\t<div id=\"P_MS66b378c424316\" class=\"master-slider-parent msl ms-parent-id-88\" style=\"max-width:1200px;\">\n\n\t\t\t\n\t\t\t<!-- MasterSlider Main -->\n\t\t\t<div id=\"MS66b378c424316\" class=\"master-slider ms-skin-default\" >\n\t\t\t\t \t\t\t\t \n\t\t\t\t<div  class=\"ms-slide\" data-delay=\"3\" data-fill-mode=\"fill\"  >\n\t\t\t\t\t<img decoding=\"async\" src=\"https:\/\/andreasrichter.berlin\/wp-content\/plugins\/master-slider\/public\/assets\/css\/blank.gif\" alt=\"\" title=\"\" data-src=\"https:\/\/andreasrichter.berlin\/wp-content\/uploads\/2024\/08\/TOM_9006_slider.jpg\" \/>\n\n\t\t\t\t\t<div class=\"ms-info ms-info-empty\">&nbsp;<\/div>\n\n\n\t<div class=\"ms-thumb\" ><div class=\"ms-tab-context\"><div class=&quot;ms-tab-context&quot;><\/div><\/div>\n<\/div>\n\t\t\t\t<\/div>\n\t\t\t\t<div  class=\"ms-slide\" data-delay=\"3\" data-fill-mode=\"fill\"  >\n\t\t\t\t\t<img decoding=\"async\" src=\"https:\/\/andreasrichter.berlin\/wp-content\/plugins\/master-slider\/public\/assets\/css\/blank.gif\" alt=\"\" title=\"\" data-src=\"https:\/\/andreasrichter.berlin\/wp-content\/uploads\/2024\/08\/TOM_8862_slider.jpg\" \/>\n\n\t\t\t\t\t<div class=\"ms-info ms-info-empty\">&nbsp;<\/div>\n\n\n\t<div class=\"ms-thumb\" ><div class=\"ms-tab-context\"><div class=&quot;ms-tab-context&quot;><\/div><\/div>\n<\/div>\n\t\t\t\t<\/div>\n\t\t\t\t<div  class=\"ms-slide\" data-delay=\"3\" data-fill-mode=\"fill\"  >\n\t\t\t\t\t<img decoding=\"async\" src=\"https:\/\/andreasrichter.berlin\/wp-content\/plugins\/master-slider\/public\/assets\/css\/blank.gif\" alt=\"\" title=\"\" data-src=\"https:\/\/andreasrichter.berlin\/wp-content\/uploads\/2024\/08\/TOM_8897_slider.jpg\" \/>\n\n\t\t\t\t\t<div class=\"ms-info ms-info-empty\">&nbsp;<\/div>\n\n\n\t<div class=\"ms-thumb\" ><div class=\"ms-tab-context\"><div class=&quot;ms-tab-context&quot;><\/div><\/div>\n<\/div>\n\t\t\t\t<\/div>\n\t\t\t\t<div  class=\"ms-slide\" data-delay=\"3\" data-fill-mode=\"fill\"  >\n\t\t\t\t\t<img decoding=\"async\" src=\"https:\/\/andreasrichter.berlin\/wp-content\/plugins\/master-slider\/public\/assets\/css\/blank.gif\" alt=\"\" title=\"\" data-src=\"https:\/\/andreasrichter.berlin\/wp-content\/uploads\/2024\/08\/TOM_8952_slider.jpg\" \/>\n\n\t\t\t\t\t<div class=\"ms-info ms-info-empty\">&nbsp;<\/div>\n\n\n\t<div class=\"ms-thumb\" ><div class=\"ms-tab-context\"><div class=&quot;ms-tab-context&quot;><\/div><\/div>\n<\/div>\n\t\t\t\t<\/div>\n\n\t\t\t<\/div>\n\t\t\t<!-- END MasterSlider Main -->\n\n\t\t\t \n\t\t<\/div>\n\t\t<!-- END MasterSlider -->\n\n\t\t<script>\n\t\t(function ( $ ) {\n\t\t\t\"use strict\";\n\n\t\t\t$(function () {\n\t\t\t\tvar masterslider_4316 = new MasterSlider();\n\n\t\t\t\t\/\/ slider controls\n\t\t\t\tmasterslider_4316.control('arrows'     ,{ autohide:false, overVideo:true  });\n\t\t\t\tmasterslider_4316.control('slideinfo'  ,{ autohide:false, overVideo:true, dir:'h', align:'bottom',inset:false , margin:10   });\n\t\t\t\t\/\/ slider setup\n\t\t\t\tmasterslider_4316.setup(\"MS66b378c424316\", {\n\t\t\t\t\t\twidth           : 1200,\n\t\t\t\t\t\theight          : 800,\n\t\t\t\t\t\tminHeight       : 0,\n\t\t\t\t\t\tspace           : 0,\n\t\t\t\t\t\tstart           : 1,\n\t\t\t\t\t\tgrabCursor      : true,\n\t\t\t\t\t\tswipe           : true,\n\t\t\t\t\t\tmouse           : true,\n\t\t\t\t\t\tlayout          : \"boxed\",\n\t\t\t\t\t\twheel           : false,\n\t\t\t\t\t\tautoplay        : false,\n\t\t\t\t\t\tinstantStartLayers:false,\n\t\t\t\t\t\tloop            : false,\n\t\t\t\t\t\tshuffle         : false,\n\t\t\t\t\t\tpreload         : 0,\n\t\t\t\t\t\theightLimit     : true,\n\t\t\t\t\t\tautoHeight      : false,\n\t\t\t\t\t\tsmoothHeight    : true,\n\t\t\t\t\t\tendPause        : false,\n\t\t\t\t\t\toverPause       : true,\n\t\t\t\t\t\tfillMode        : \"fill\",\n\t\t\t\t\t\tcenterControls  : true,\n\t\t\t\t\t\tstartOnAppear   : false,\n\t\t\t\t\t\tlayersMode      : \"center\",\n\t\t\t\t\t\thideLayers      : false,\n\t\t\t\t\t\tfullscreenMargin: 0,\n\t\t\t\t\t\tspeed           : 20,\n\t\t\t\t\t\tdir             : \"h\",\n\t\t\t\t\t\tparallaxMode    : 'swipe',\n\t\t\t\t\t\tview            : \"basic\"\n\t\t\t\t});\n\n\t\t\t\t\n\t\t\t\twindow.masterslider_instances = window.masterslider_instances || [];\n\t\t\t\twindow.masterslider_instances.push( masterslider_4316 );\n\t\t\t });\n\n\t\t})(jQuery);\n\t\t<\/script>\n\n\n\n\n\n<p class=\"has-text-align-center intro\">&#8220;Towards the end, an orchestral storm unexpectedly breaks into this melodic bliss &#8211; and then and afterwards nothing is as it was before.&#8221;<\/p>\n\n\n\n<p class=\"has-text-align-center quelle\">bachtrack, 26 June 2024<\/p>\n<\/div><\/div>\n\n\n\n<div class=\"wp-block-group rahmen rahmen_culture_blue has-background\" style=\"background-color:#8798a4\"><div class=\"wp-block-group__inner-container is-layout-flow wp-block-group-is-layout-flow\">\n<p class=\"intro\">22 September 2023 Beethovenfest Bonn, Kreuzkirche<br><strong>LIED VON DER ERDE<\/strong><br>Chamber Orchestra of Europe \/ Alice Coote, mezzo-soprano \/ Allan Clayton, tenor \/ Robin Ticciati, conductor<\/p>\n\n\n\n<p class=\"quelle\"><strong>B. Dean: &#8220;Pastoral Symphony&#8221; for chamber orchestra <br>G. Mahler: &#8220;Das Lied von der Erde&#8221;<\/strong><\/p>\n\n\n\n<p class=\"intro\">24 September 2023 Beethovenfest Bonn (closing concert)<br><strong>BEETHOVEN<\/strong><br>Robin Ticciati, conductor \/ Christian Tetzlaff, violin<\/p>\n\n\n\n<p class=\"quelle\"><strong>J. L. Adams: &#8220;Ten Thousand Birds&#8221;<br>H. Berlioz: &#8220;Scene d\u2019amour&#8221; from &#8220;Rom\u00e9o et Juliette&#8221;, Symphonie Dramatique op.\u200a17<br>R.Schumann: Violin Concerto in D minor WoO 1<br>L. v. Beethoven: Symphony no. 7 in A minor op. 92<\/strong><\/p>\n\n\n\n\t\t<!-- MasterSlider -->\n\t\t<div id=\"P_MS66cf5802c373f\" class=\"master-slider-parent msl ms-parent-id-89\" style=\"max-width:1200px;\">\n\n\t\t\t\n\t\t\t<!-- MasterSlider Main -->\n\t\t\t<div id=\"MS66cf5802c373f\" class=\"master-slider ms-skin-default\" >\n\t\t\t\t \t\t\t\t \n\t\t\t\t<div  class=\"ms-slide\" data-delay=\"3\" data-fill-mode=\"fill\"  >\n\t\t\t\t\t<img decoding=\"async\" src=\"https:\/\/andreasrichter.berlin\/wp-content\/plugins\/master-slider\/public\/assets\/css\/blank.gif\" alt=\"\" title=\"\" data-src=\"https:\/\/andreasrichter.berlin\/wp-content\/uploads\/2024\/08\/k65_230922_lied_von_der_erde_c_daniel_dittus_fur_beethovenfest_bonn_22_slider.jpg\" \/>\n\n\t\t\t\t\t<div class=\"ms-info ms-info-empty\">&nbsp;<\/div>\n\n\n\t<div class=\"ms-thumb\" ><div class=\"ms-tab-context\"><div class=&quot;ms-tab-context&quot;><\/div><\/div>\n<\/div>\n\t\t\t\t<\/div>\n\t\t\t\t<div  class=\"ms-slide\" data-delay=\"3\" data-fill-mode=\"fill\"  >\n\t\t\t\t\t<img decoding=\"async\" src=\"https:\/\/andreasrichter.berlin\/wp-content\/plugins\/master-slider\/public\/assets\/css\/blank.gif\" alt=\"\" title=\"\" data-src=\"https:\/\/andreasrichter.berlin\/wp-content\/uploads\/2024\/08\/k74_230924_abschlusskonzert_c_daniel_dittus_fur_beethovenfest_bonn_7_slider.jpg\" \/>\n\n\t\t\t\t\t<div class=\"ms-info ms-info-empty\">&nbsp;<\/div>\n\n\n\t<div class=\"ms-thumb\" ><div class=\"ms-tab-context\"><div class=&quot;ms-tab-context&quot;><\/div><\/div>\n<\/div>\n\t\t\t\t<\/div>\n\t\t\t\t<div  class=\"ms-slide\" data-delay=\"3\" data-fill-mode=\"fill\"  >\n\t\t\t\t\t<img decoding=\"async\" src=\"https:\/\/andreasrichter.berlin\/wp-content\/plugins\/master-slider\/public\/assets\/css\/blank.gif\" alt=\"\" title=\"\" data-src=\"https:\/\/andreasrichter.berlin\/wp-content\/uploads\/2024\/08\/k74_230924_abschlusskonzert_c_daniel_dittus_fur_beethovenfest_bonn_3_slider.jpg\" \/>\n\n\t\t\t\t\t<div class=\"ms-info ms-info-empty\">&nbsp;<\/div>\n\n\n\t<div class=\"ms-thumb\" ><div class=\"ms-tab-context\"><div class=&quot;ms-tab-context&quot;><\/div><\/div>\n<\/div>\n\t\t\t\t<\/div>\n\t\t\t\t<div  class=\"ms-slide\" data-delay=\"3\" data-fill-mode=\"fill\"  >\n\t\t\t\t\t<img decoding=\"async\" src=\"https:\/\/andreasrichter.berlin\/wp-content\/plugins\/master-slider\/public\/assets\/css\/blank.gif\" alt=\"\" title=\"\" data-src=\"https:\/\/andreasrichter.berlin\/wp-content\/uploads\/2024\/08\/k74_230924_abschlusskonzert_c_daniel_dittus_fur_beethovenfest_bonn_13_slider.jpg\" \/>\n\n\t\t\t\t\t<div class=\"ms-info ms-info-empty\">&nbsp;<\/div>\n\n\n\t<div class=\"ms-thumb\" ><div class=\"ms-tab-context\"><div class=&quot;ms-tab-context&quot;><\/div><\/div>\n<\/div>\n\t\t\t\t<\/div>\n\n\t\t\t<\/div>\n\t\t\t<!-- END MasterSlider Main -->\n\n\t\t\t \n\t\t<\/div>\n\t\t<!-- END MasterSlider -->\n\n\t\t<script>\n\t\t(function ( $ ) {\n\t\t\t\"use strict\";\n\n\t\t\t$(function () {\n\t\t\t\tvar masterslider_373f = new MasterSlider();\n\n\t\t\t\t\/\/ slider controls\n\t\t\t\tmasterslider_373f.control('arrows'     ,{ autohide:false, overVideo:true  });\n\t\t\t\tmasterslider_373f.control('slideinfo'  ,{ autohide:false, overVideo:true, dir:'h', align:'bottom',inset:false , margin:10   });\n\t\t\t\t\/\/ slider setup\n\t\t\t\tmasterslider_373f.setup(\"MS66cf5802c373f\", {\n\t\t\t\t\t\twidth           : 1200,\n\t\t\t\t\t\theight          : 800,\n\t\t\t\t\t\tminHeight       : 0,\n\t\t\t\t\t\tspace           : 0,\n\t\t\t\t\t\tstart           : 1,\n\t\t\t\t\t\tgrabCursor      : true,\n\t\t\t\t\t\tswipe           : true,\n\t\t\t\t\t\tmouse           : true,\n\t\t\t\t\t\tlayout          : \"boxed\",\n\t\t\t\t\t\twheel           : false,\n\t\t\t\t\t\tautoplay        : false,\n\t\t\t\t\t\tinstantStartLayers:false,\n\t\t\t\t\t\tloop            : false,\n\t\t\t\t\t\tshuffle         : false,\n\t\t\t\t\t\tpreload         : 0,\n\t\t\t\t\t\theightLimit     : true,\n\t\t\t\t\t\tautoHeight      : false,\n\t\t\t\t\t\tsmoothHeight    : true,\n\t\t\t\t\t\tendPause        : false,\n\t\t\t\t\t\toverPause       : true,\n\t\t\t\t\t\tfillMode        : \"fill\",\n\t\t\t\t\t\tcenterControls  : true,\n\t\t\t\t\t\tstartOnAppear   : false,\n\t\t\t\t\t\tlayersMode      : \"center\",\n\t\t\t\t\t\thideLayers      : false,\n\t\t\t\t\t\tfullscreenMargin: 0,\n\t\t\t\t\t\tspeed           : 20,\n\t\t\t\t\t\tdir             : \"h\",\n\t\t\t\t\t\tparallaxMode    : 'swipe',\n\t\t\t\t\t\tview            : \"basic\"\n\t\t\t\t});\n\n\t\t\t\t\n\t\t\t\twindow.masterslider_instances = window.masterslider_instances || [];\n\t\t\t\twindow.masterslider_instances.push( masterslider_373f );\n\t\t\t });\n\n\t\t})(jQuery);\n\t\t<\/script>\n\n\n\n\n\n<p class=\"has-text-align-center intro\">\u201eThe Beethovenfest came to a brilliant end with an acclaimed concert evening.\u201c<\/p>\n\n\n\n<p class=\"has-text-align-center quelle\">Generalanzeiger Bonn, 24 September 2023<\/p>\n\n\n\n<p class=\"has-text-align-center intro\">\u201eConductor Robin Ticciati led a magnificent evening with the Chamber Orchestra of Europe.\u201c<\/p>\n\n\n\n<p class=\"has-text-align-center quelle\">Generalanzeiger Bonn, 26 September 2023<\/p>\n<\/div><\/div>\n\n\n\n<div style=\"height:52px\" aria-hidden=\"true\" class=\"wp-block-spacer\"><\/div>\n\n\n\n<p><\/p>\n","protected":false},"excerpt":{"rendered":"<p>The COE was founded in 1981 by a group of musicians graduating from the European Union Youth Orchestra. It was their ambition to continue working together at the highest professional level, and of that original group, thirteen remain in the current core membership of around sixty. The members of the COE, selected by the Orchestra [&hellip;]<a href=\"https:\/\/andreasrichter.berlin\/en\/chamber-orchestra-of-europe\/\" class=\"more-link\">MORE &raquo;<\/a><\/p>\n","protected":false},"author":1,"featured_media":10445,"comment_status":"closed","ping_status":"open","sticky":false,"template":"single-ensembles.php","format":"standard","meta":{"_acf_changed":false,"footnotes":""},"categories":[30,48],"tags":[],"class_list":["post-6492","post","type-post","status-publish","format-standard","has-post-thumbnail","hentry","category-ensembles-en","category-orchestras"],"acf":[],"_links":{"self":[{"href":"https:\/\/andreasrichter.berlin\/en\/wp-json\/wp\/v2\/posts\/6492","targetHints":{"allow":["GET"]}}],"collection":[{"href":"https:\/\/andreasrichter.berlin\/en\/wp-json\/wp\/v2\/posts"}],"about":[{"href":"https:\/\/andreasrichter.berlin\/en\/wp-json\/wp\/v2\/types\/post"}],"author":[{"embeddable":true,"href":"https:\/\/andreasrichter.berlin\/en\/wp-json\/wp\/v2\/users\/1"}],"replies":[{"embeddable":true,"href":"https:\/\/andreasrichter.berlin\/en\/wp-json\/wp\/v2\/comments?post=6492"}],"version-history":[{"count":66,"href":"https:\/\/andreasrichter.berlin\/en\/wp-json\/wp\/v2\/posts\/6492\/revisions"}],"predecessor-version":[{"id":15775,"href":"https:\/\/andreasrichter.berlin\/en\/wp-json\/wp\/v2\/posts\/6492\/revisions\/15775"}],"wp:featuredmedia":[{"embeddable":true,"href":"https:\/\/andreasrichter.berlin\/en\/wp-json\/wp\/v2\/media\/10445"}],"wp:attachment":[{"href":"https:\/\/andreasrichter.berlin\/en\/wp-json\/wp\/v2\/media?parent=6492"}],"wp:term":[{"taxonomy":"category","embeddable":true,"href":"https:\/\/andreasrichter.berlin\/en\/wp-json\/wp\/v2\/categories?post=6492"},{"taxonomy":"post_tag","embeddable":true,"href":"https:\/\/andreasrichter.berlin\/en\/wp-json\/wp\/v2\/tags?post=6492"}],"curies":[{"name":"wp","href":"https:\/\/api.w.org\/{rel}","templated":true}]}}